{"id":56031,"date":"2025-09-26T08:53:07","date_gmt":"2025-09-26T12:53:07","guid":{"rendered":"https:\/\/ssvp.ca\/rechauffez-vos-voisins-lors-de-la-nuit-la-plus-froide-de-lannee\/"},"modified":"2025-09-26T08:53:08","modified_gmt":"2025-09-26T12:53:08","slug":"rechauffez-vos-voisins-lors-de-la-nuit-la-plus-froide-de-lannee","status":"publish","type":"post","link":"https:\/\/ssvp.ca\/fr\/rechauffez-vos-voisins-lors-de-la-nuit-la-plus-froide-de-lannee\/","title":{"rendered":"R\u00e9chauffez vos voisins lors de la nuit la plus froide de l\u2019ann\u00e9e!"},"content":{"rendered":"\t\t<div data-elementor-type=\"wp-post\" data-elementor-id=\"56031\" class=\"elementor elementor-56031 elementor-56021\" data-elementor-post-type=\"post\">\n\t\t\t\t<div class=\"elementor-element elementor-element-958e878 e-flex e-con-boxed e-con e-parent\" data-id=\"958e878\" data-element_type=\"container\" data-e-type=\"container\" data-settings=\"{&quot;jet_parallax_layout_list&quot;:[]}\">\n\t\t\t\t\t<div class=\"e-con-inner\">\n\t\t\t\t<div class=\"elementor-element elementor-element-af617e4 elementor-widget elementor-widget-text-editor\" data-id=\"af617e4\" data-element_type=\"widget\" data-e-type=\"widget\" data-widget_type=\"text-editor.default\">\n\t\t\t\t<div class=\"elementor-widget-container\">\n\t\t\t\t\t\t\t\t\t<p>Les membres de la Conf\u00e9rence St. Matthew de la SSVP \u00e0 Oakville ont d\u00e9cid\u00e9 d&rsquo;organiser une marche \u00ab\u00a0<a href=\"https:\/\/fr.cnoy.org\/home\"><strong>Nuit la plus froide de l&rsquo;ann\u00e9e<\/strong><\/a><strong>\u00a0<\/strong>\u00bb (CNOY), organis\u00e9e \u00e0 travers le Canada le samedi 22 f\u00e9vrier 2025. Ils ont initi\u00e9 un nouveau site pour la marche de 2\u00a0km\/5\u00a0km dans le quartier\u00a0; les participants se sont r\u00e9unis pour le coup d&rsquo;envoi, ont parcouru la distance de leur choix sur le parcours approuv\u00e9, balis\u00e9 et supervis\u00e9, se sont arr\u00eat\u00e9s \u00e0 la halte routi\u00e8re de l&rsquo;\u00e9glise unie Glen Abbey et ont termin\u00e9 l&rsquo;\u00e9v\u00e9nement ensemble dans la salle paroissiale St. Matthew, se r\u00e9chauffant autour d&rsquo;un l\u00e9ger repas.<\/p><br><p>Au cours des mois pr\u00e9c\u00e9dant l&rsquo;\u00e9v\u00e9nement, l&rsquo;\u00e9quipe de la conf\u00e9rence a rencontr\u00e9 r\u00e9guli\u00e8rement l&rsquo;\u00e9quipe CNOY pour des s\u00e9ances de formation, de planification et de soutien. Toute la structure de l&rsquo;\u00e9v\u00e9nement, y compris le site web, les directives logistiques, le mat\u00e9riel publicitaire, la plateforme d&rsquo;inscription et de collecte de fonds et les r\u00e9compenses pour les participants (sweats \u00e0 capuche, tuques, macarons, autocollants, etc.), a \u00e9t\u00e9 g\u00e9r\u00e9e par CNOY. Ils ont \u00e9galement pris en charge l&rsquo;assurance de l&rsquo;\u00e9v\u00e9nement.<\/p><br><p>L&rsquo;\u00e9quipe SSVP a cr\u00e9\u00e9 sa propre section sur le site web du CNOY, et chaque capitaine d&rsquo;\u00e9quipe a cr\u00e9\u00e9 sa propre page d&rsquo;\u00e9quipe personnalis\u00e9e. Les marcheurs et les b\u00e9n\u00e9voles se sont ensuite inscrits et ont sollicit\u00e9 des dons aupr\u00e8s de leurs connaissances. La plateforme d&rsquo;inscription et de collecte de fonds \u00e9tait tr\u00e8s conviviale et les r\u00e9sultats \u00e9taient compil\u00e9s r\u00e9guli\u00e8rement afin de nous permettre de suivre nos progr\u00e8s vers notre objectif. Le CNOY encourage les sites h\u00f4tes partout au Canada \u00e0 se r\u00e9unir virtuellement pour partager leurs r\u00e9ussites et leurs d\u00e9fis. Chaque site avait \u00e9galement son propre conseiller du CNOY ; nous le rencontrions sur Zoom pour \u00e9changer des id\u00e9es et obtenir des r\u00e9ponses \u00e0 nos questions.<\/p><br><p>Les membres de notre conf\u00e9rence ont trouv\u00e9 enrichissant d&rsquo;\u00e9changer avec les paroissiens et notre propre cercle de connaissances au sujet de cette marche pour venir en aide aux personnes souffrant de faim ou d&rsquo;itin\u00e9rance. 27 \u00e9quipes se sont inscrites \u00e0 notre marche, dont deux \u00e9quipes de la conf\u00e9rence d&rsquo;Oakville\u00a0: Saint-Dominique\/Saint-Andr\u00e9 et Marie-M\u00e8re-de-Dieu, accompagn\u00e9es de leurs jeunes vincentiens. Au total, 129 marcheurs et 47 b\u00e9n\u00e9voles ont particip\u00e9. Nous avons collect\u00e9 45 629 $ &#8211; 228 % de notre objectif initial!<\/p><br><p>Ce samedi-l\u00e0, la bonne volont\u00e9 \u00e9tait palpable dans le narthex de notre \u00e9glise, dans la rue, \u00e0 l&rsquo;aire de repos, \u00e0 la cuisine et dans la salle paroissiale. La solidarit\u00e9 envers nos voisins dans le besoin \u00e9tait partag\u00e9e par tous\u00a0: notre paroisse, nos donateurs, nos b\u00e9n\u00e9voles, nos marcheurs et les entreprises locales qui ont fait don de biens et de fonds pour l&rsquo;\u00e9v\u00e9nement. C&rsquo;\u00e9tait si r\u00e9confortant, par une froide journ\u00e9e de f\u00e9vrier, de voir comment la communaut\u00e9 \u2013 des personnes de tous horizons et de toutes confessions, portant leurs toques du CNOY \u2013 s&rsquo;est mobilis\u00e9e pour soutenir nos voisins.<\/p><br><p><em>Jennifer Monte \u2013 Oakville<\/em><\/p>\t\t\t\t\t\t\t\t<\/div>\n\t\t\t\t<\/div>\n\t\t\t\t\t<\/div>\n\t\t\t\t<\/div>\n\t\t<div class=\"elementor-element elementor-element-db8f245 e-flex e-con-boxed e-con e-parent\" data-id=\"db8f245\" data-element_type=\"container\" data-e-type=\"container\" data-settings=\"{&quot;jet_parallax_layout_list&quot;:[]}\">\n\t\t\t\t\t<div class=\"e-con-inner\">\n\t\t<div class=\"elementor-element elementor-element-e826cd5 e-con-full e-flex e-con e-child\" data-id=\"e826cd5\" data-element_type=\"container\" data-e-type=\"container\" data-settings=\"{&quot;jet_parallax_layout_list&quot;:[]}\">\n\t\t\t\t<div class=\"elementor-element elementor-element-6039124 elementor-widget elementor-widget-image\" data-id=\"6039124\" data-element_type=\"widget\" data-e-type=\"widget\" data-widget_type=\"image.default\">\n\t\t\t\t<div class=\"elementor-widget-container\">\n\t\t\t\t\t\t\t\t\t\t\t\t\t\t\t<img fetchpriority=\"high\" decoding=\"async\" width=\"515\" height=\"450\" src=\"https:\/\/ssvp.ca\/wp-content\/uploads\/2025\/09\/Coldest-N-3-web.jpeg\" class=\"attachment-large size-large wp-image-56028\" alt=\"\" srcset=\"https:\/\/ssvp.ca\/wp-content\/uploads\/2025\/09\/Coldest-N-3-web.jpeg 515w, https:\/\/ssvp.ca\/wp-content\/uploads\/2025\/09\/Coldest-N-3-web-300x262.jpeg 300w\" sizes=\"(max-width: 515px) 100vw, 515px\" \/>\t\t\t\t\t\t\t\t\t\t\t\t\t\t\t<\/div>\n\t\t\t\t<\/div>\n\t\t\t\t<\/div>\n\t\t<div class=\"elementor-element elementor-element-4b928b2 e-con-full e-flex e-con e-child\" data-id=\"4b928b2\" data-element_type=\"container\" data-e-type=\"container\" data-settings=\"{&quot;jet_parallax_layout_list&quot;:[]}\">\n\t\t\t\t<div class=\"elementor-element elementor-element-41a9a6a elementor-widget elementor-widget-image\" data-id=\"41a9a6a\" data-element_type=\"widget\" data-e-type=\"widget\" data-widget_type=\"image.default\">\n\t\t\t\t<div class=\"elementor-widget-container\">\n\t\t\t\t\t\t\t\t\t\t\t\t\t\t\t<img decoding=\"async\" width=\"338\" height=\"450\" src=\"https:\/\/ssvp.ca\/wp-content\/uploads\/2025\/09\/Coldest-N-2-web.jpeg\" class=\"attachment-large size-large wp-image-56030\" alt=\"\" srcset=\"https:\/\/ssvp.ca\/wp-content\/uploads\/2025\/09\/Coldest-N-2-web.jpeg 338w, https:\/\/ssvp.ca\/wp-content\/uploads\/2025\/09\/Coldest-N-2-web-225x300.jpeg 225w\" sizes=\"(max-width: 338px) 100vw, 338px\" \/>\t\t\t\t\t\t\t\t\t\t\t\t\t\t\t<\/div>\n\t\t\t\t<\/div>\n\t\t\t\t<\/div>\n\t\t\t\t\t<\/div>\n\t\t\t\t<\/div>\n\t\t\t\t<\/div>\n\t\t","protected":false},"excerpt":{"rendered":"<p>Les membres de la Conf\u00e9rence St. Matthew de la SSVP \u00e0 Oakville ont d\u00e9cid\u00e9 d&rsquo;organiser une marche \u00ab\u00a0Nuit la plus froide de l&rsquo;ann\u00e9e\u00a0\u00bb (CNOY), organis\u00e9e \u00e0 travers le Canada le samedi 22 f\u00e9vrier 2025. Ils ont initi\u00e9 un nouveau site pour la marche de 2\u00a0km\/5\u00a0km dans le quartier\u00a0; les participants se sont r\u00e9unis pour le [&hellip;]<\/p>\n","protected":false},"author":5,"featured_media":56025,"comment_status":"closed","ping_status":"closed","sticky":false,"template":"","format":"standard","meta":{"_acf_changed":false,"_seopress_robots_primary_cat":"none","_seopress_titles_title":"","_seopress_titles_desc":"","_seopress_robots_index":"","om_disable_all_campaigns":false,"_monsterinsights_skip_tracking":false,"_monsterinsights_sitenote_active":false,"_monsterinsights_sitenote_note":"","_monsterinsights_sitenote_category":0,"_uf_show_specific_survey":0,"_uf_disable_surveys":false,"footnotes":""},"categories":[240],"tags":[],"regions":[],"class_list":["post-56031","post","type-post","status-publish","format-standard","has-post-thumbnail","hentry","category-national-news-fr"],"acf":[],"_links":{"self":[{"href":"https:\/\/ssvp.ca\/fr\/wp-json\/wp\/v2\/posts\/56031","targetHints":{"allow":["GET"]}}],"collection":[{"href":"https:\/\/ssvp.ca\/fr\/wp-json\/wp\/v2\/posts"}],"about":[{"href":"https:\/\/ssvp.ca\/fr\/wp-json\/wp\/v2\/types\/post"}],"author":[{"embeddable":true,"href":"https:\/\/ssvp.ca\/fr\/wp-json\/wp\/v2\/users\/5"}],"replies":[{"embeddable":true,"href":"https:\/\/ssvp.ca\/fr\/wp-json\/wp\/v2\/comments?post=56031"}],"version-history":[{"count":0,"href":"https:\/\/ssvp.ca\/fr\/wp-json\/wp\/v2\/posts\/56031\/revisions"}],"wp:featuredmedia":[{"embeddable":true,"href":"https:\/\/ssvp.ca\/fr\/wp-json\/wp\/v2\/media\/56025"}],"wp:attachment":[{"href":"https:\/\/ssvp.ca\/fr\/wp-json\/wp\/v2\/media?parent=56031"}],"wp:term":[{"taxonomy":"category","embeddable":true,"href":"https:\/\/ssvp.ca\/fr\/wp-json\/wp\/v2\/categories?post=56031"},{"taxonomy":"post_tag","embeddable":true,"href":"https:\/\/ssvp.ca\/fr\/wp-json\/wp\/v2\/tags?post=56031"},{"taxonomy":"regions","embeddable":true,"href":"https:\/\/ssvp.ca\/fr\/wp-json\/wp\/v2\/regions?post=56031"}],"curies":[{"name":"wp","href":"https:\/\/api.w.org\/{rel}","templated":true}]}}