{"id":56004,"date":"2025-09-26T07:56:28","date_gmt":"2025-09-26T11:56:28","guid":{"rendered":"https:\/\/ssvp.ca\/au-dela-de-nos-frontieres-projet-nord-de-lalberta-cadotte-lake\/"},"modified":"2025-09-26T07:56:29","modified_gmt":"2025-09-26T11:56:29","slug":"au-dela-de-nos-frontieres-projet-nord-de-lalberta-cadotte-lake","status":"publish","type":"post","link":"https:\/\/ssvp.ca\/fr\/au-dela-de-nos-frontieres-projet-nord-de-lalberta-cadotte-lake\/","title":{"rendered":"Au-del\u00e0 de nos fronti\u00e8res &#8211; Projet Nord de l&rsquo;Alberta &#8211; Cadotte Lake"},"content":{"rendered":"\t\t<div data-elementor-type=\"wp-post\" data-elementor-id=\"56004\" class=\"elementor elementor-56004 elementor-55998\" data-elementor-post-type=\"post\">\n\t\t\t\t<div class=\"elementor-element elementor-element-da3b6f4 e-flex e-con-boxed e-con e-parent\" data-id=\"da3b6f4\" data-element_type=\"container\" data-e-type=\"container\" data-settings=\"{&quot;jet_parallax_layout_list&quot;:[]}\">\n\t\t\t\t\t<div class=\"e-con-inner\">\n\t\t\t\t<div class=\"elementor-element elementor-element-33b019f elementor-widget elementor-widget-text-editor\" data-id=\"33b019f\" data-element_type=\"widget\" data-e-type=\"widget\" data-widget_type=\"text-editor.default\">\n\t\t\t\t<div class=\"elementor-widget-container\">\n\t\t\t\t\t\t\t\t\t<p>Lors de sa premi\u00e8re ann\u00e9e, le Projet Nord de l&rsquo;Alberta visait principalement \u00e0 combler, par des mesures concr\u00e8tes, le manque de biens de premi\u00e8re n\u00e9cessit\u00e9 dans une communaut\u00e9 du nord de l&rsquo;Alberta, Cadotte Lake. La deuxi\u00e8me ann\u00e9e, ces m\u00eames besoins seraient combl\u00e9s dans cette communaut\u00e9, ainsi que dans d&rsquo;autres communaut\u00e9s du nord de l&rsquo;Alberta si d&rsquo;autres conf\u00e9rences SSVP souhaitaient y participer.<\/p><br><p>Il a \u00e9t\u00e9 sugg\u00e9r\u00e9 que la Conf\u00e9rence Sainte-Th\u00e9r\u00e8se assume un r\u00f4le de leadership, gr\u00e2ce \u00e0 l\u2019exp\u00e9rience dans ce domaine de ses membres due \u00e0 leur travail d&rsquo;exp\u00e9dition de conteneurs de produits de premi\u00e8re n\u00e9cessit\u00e9 vers diverses communaut\u00e9s de l&rsquo;Arctique dans le cadre du projet Au nord du 60e. La premi\u00e8re t\u00e2che consistait \u00e0 d\u00e9terminer les besoins. Des b\u00e9n\u00e9voles et r\u00e9sidents locaux ont contact\u00e9 d&rsquo;autres r\u00e9sidents pour leur demander de quelle aide ils avaient besoin en mati\u00e8re de nourriture, de v\u00eatements, de logement, d&rsquo;\u00e9ducation et d&rsquo;hygi\u00e8ne.<\/p><br><p>Une liste des besoins de la communaut\u00e9 a \u00e9t\u00e9 remise \u00e0 la Conf\u00e9rence Sainte-Th\u00e9r\u00e8se. Gr\u00e2ce \u00e0 la campagne \u00ab L&rsquo;Arbre du partage \u00bb, les membres de la conf\u00e9rence ont rassembl\u00e9 des ressources et les ont livr\u00e9es \u00e0 Cadotte Lake pour que le comit\u00e9 organisateur local les distribue aux r\u00e9sidents dans le besoin.<\/p><br><p>Ce processus a \u00e9t\u00e9 r\u00e9p\u00e9t\u00e9 lors de la phase 3, et nous l&rsquo;avons poursuivi lors des phases 4 et 5 en \u00e9tablissant des relations personnelles entre les membres de chaque communaut\u00e9, en pr\u00e9sentant et en discutant des id\u00e9es de d\u00e9veloppement communautaire et en contribuant \u00e0 la cr\u00e9ation d&rsquo;une banque alimentaire et d&rsquo;une banque d&rsquo;\u00e9change de v\u00eatements g\u00e9r\u00e9es par les r\u00e9sidents locaux.<\/p><br><p>La phase 6 a continu\u00e9 de favoriser des relations personnelles continues entre les membres de chaque communaut\u00e9 et de faciliter les relations avec l&rsquo;archidioc\u00e8se de Grouard-McLennan. La phase 7 reconstruira ce qui a \u00e9t\u00e9 perdu pendant la COVID-19 : une nouvelle banque alimentaire, une nouvelle banque d&rsquo;\u00e9change de v\u00eatements, un nouveau cercle de couture et, \u00e9ventuellement, l&rsquo;acc\u00e8s \u00e0 une mini-laverie.<\/p><br><p>Malheureusement, les m\u00eames besoins sont constamment identifi\u00e9s. Les gens souffrent au quotidien parce qu&rsquo;ils manquent des choses essentielles que la plupart d&rsquo;entre nous tiennent pour acquises, et la situation ne s&rsquo;am\u00e9liore pas pour diverses raisons. Il est temps que des personnes et des organisations passionn\u00e9es par la justice sociale agissent directement et imm\u00e9diatement. Via le Projet Nord de l&rsquo;Alberta, nous continuerons \u00e0 faire une r\u00e9elle diff\u00e9rence dans la vie de nos s\u0153urs, fr\u00e8res et s\u0153urs et de leurs enfants dans une communaut\u00e9 du Nord de l&rsquo;Alberta.<\/p><br><p><em>Maria Lupul<br \/>\r\n<\/em><em>Coordonnatrice des relations communautaires<\/em><\/p>\t\t\t\t\t\t\t\t<\/div>\n\t\t\t\t<\/div>\n\t\t\t\t\t<\/div>\n\t\t\t\t<\/div>\n\t\t\t\t<\/div>\n\t\t","protected":false},"excerpt":{"rendered":"<p>Lors de sa premi\u00e8re ann\u00e9e, le Projet Nord de l&rsquo;Alberta visait principalement \u00e0 combler, par des mesures concr\u00e8tes, le manque de biens de premi\u00e8re n\u00e9cessit\u00e9 dans une communaut\u00e9 du nord de l&rsquo;Alberta, Cadotte Lake. La deuxi\u00e8me ann\u00e9e, ces m\u00eames besoins seraient combl\u00e9s dans cette communaut\u00e9, ainsi que dans d&rsquo;autres communaut\u00e9s du nord de l&rsquo;Alberta si [&hellip;]<\/p>\n","protected":false},"author":5,"featured_media":56002,"comment_status":"closed","ping_status":"closed","sticky":false,"template":"","format":"standard","meta":{"_acf_changed":false,"_seopress_robots_primary_cat":"none","_seopress_titles_title":"","_seopress_titles_desc":"","_seopress_robots_index":"","om_disable_all_campaigns":false,"_monsterinsights_skip_tracking":false,"_monsterinsights_sitenote_active":false,"_monsterinsights_sitenote_note":"","_monsterinsights_sitenote_category":0,"_uf_show_specific_survey":0,"_uf_disable_surveys":false,"footnotes":""},"categories":[240],"tags":[],"regions":[],"class_list":["post-56004","post","type-post","status-publish","format-standard","has-post-thumbnail","hentry","category-national-news-fr"],"acf":[],"_links":{"self":[{"href":"https:\/\/ssvp.ca\/fr\/wp-json\/wp\/v2\/posts\/56004","targetHints":{"allow":["GET"]}}],"collection":[{"href":"https:\/\/ssvp.ca\/fr\/wp-json\/wp\/v2\/posts"}],"about":[{"href":"https:\/\/ssvp.ca\/fr\/wp-json\/wp\/v2\/types\/post"}],"author":[{"embeddable":true,"href":"https:\/\/ssvp.ca\/fr\/wp-json\/wp\/v2\/users\/5"}],"replies":[{"embeddable":true,"href":"https:\/\/ssvp.ca\/fr\/wp-json\/wp\/v2\/comments?post=56004"}],"version-history":[{"count":0,"href":"https:\/\/ssvp.ca\/fr\/wp-json\/wp\/v2\/posts\/56004\/revisions"}],"wp:featuredmedia":[{"embeddable":true,"href":"https:\/\/ssvp.ca\/fr\/wp-json\/wp\/v2\/media\/56002"}],"wp:attachment":[{"href":"https:\/\/ssvp.ca\/fr\/wp-json\/wp\/v2\/media?parent=56004"}],"wp:term":[{"taxonomy":"category","embeddable":true,"href":"https:\/\/ssvp.ca\/fr\/wp-json\/wp\/v2\/categories?post=56004"},{"taxonomy":"post_tag","embeddable":true,"href":"https:\/\/ssvp.ca\/fr\/wp-json\/wp\/v2\/tags?post=56004"},{"taxonomy":"regions","embeddable":true,"href":"https:\/\/ssvp.ca\/fr\/wp-json\/wp\/v2\/regions?post=56004"}],"curies":[{"name":"wp","href":"https:\/\/api.w.org\/{rel}","templated":true}]}}