{"id":31632,"date":"2024-12-09T15:49:24","date_gmt":"2024-12-09T20:49:24","guid":{"rendered":"https:\/\/ssvp.ca\/houseless-to-housed-campaign-launched\/"},"modified":"2024-12-09T15:49:25","modified_gmt":"2024-12-09T20:49:25","slug":"houseless-to-housed-campaign-launched","status":"publish","type":"post","link":"https:\/\/ssvp.ca\/fr\/houseless-to-housed-campaign-launched\/","title":{"rendered":"Lancement de la campagne \u00ab De sans-abris \u00e0 abrit\u00e9s \u00bb"},"content":{"rendered":"\t\t<div data-elementor-type=\"wp-post\" data-elementor-id=\"31632\" class=\"elementor elementor-31632 elementor-31618\" data-elementor-post-type=\"post\">\n\t\t\t\t\t\t<section class=\"elementor-section elementor-top-section elementor-element elementor-element-e008a90 elementor-section-boxed elementor-section-height-default elementor-section-height-default\" data-id=\"e008a90\" data-element_type=\"section\" data-e-type=\"section\" data-settings=\"{&quot;jet_parallax_layout_list&quot;:[]}\">\n\t\t\t\t\t\t<div class=\"elementor-container elementor-column-gap-default\">\n\t\t\t\t\t<div class=\"elementor-column elementor-col-100 elementor-top-column elementor-element elementor-element-58bfcb3\" data-id=\"58bfcb3\" data-element_type=\"column\" data-e-type=\"column\">\n\t\t\t<div class=\"elementor-widget-wrap elementor-element-populated\">\n\t\t\t\t\t\t<div class=\"elementor-element elementor-element-2b3ef10 elementor-widget elementor-widget-text-editor\" data-id=\"2b3ef10\" data-element_type=\"widget\" data-e-type=\"widget\" data-widget_type=\"text-editor.default\">\n\t\t\t\t<div class=\"elementor-widget-container\">\n\t\t\t\t\t\t\t\t\t<p>Ce mois-ci, nous avons officiellement lanc\u00e9 notre campagne et nous pr\u00e9voyons de pr\u00e9senter l&rsquo;impact de notre travail dans les mois \u00e0 venir dans les quatre \u00e9tapes du spectre du logement, de pr\u00e9venir \u00e0 survivre \u00e0 l&rsquo;itin\u00e9rance, les logements et refuges temporaires et les logements subventionn\u00e9s. Vous trouverez ci-dessous le message que nous avons utilis\u00e9 dans notre communication de lancement num\u00e9rique, que nous r\u00e9p\u00e9terons r\u00e9guli\u00e8rement\u00a0:<\/p>\r\n<p><a href=\"https:\/\/ssvp.ca\/wp-content\/uploads\/2024\/11\/2024-11-ED-H2H-launch-F.pdf\" target=\"_blank\" rel=\"noopener\">Campagne De sans-abris \u00e0 abrit\u00e9s<\/a><\/p>\t\t\t\t\t\t\t\t<\/div>\n\t\t\t\t<\/div>\n\t\t\t\t\t<\/div>\n\t\t<\/div>\n\t\t\t\t\t<\/div>\n\t\t<\/section>\n\t\t\t\t<section class=\"elementor-section elementor-top-section elementor-element elementor-element-ad3a191 elementor-section-boxed elementor-section-height-default elementor-section-height-default\" data-id=\"ad3a191\" data-element_type=\"section\" data-e-type=\"section\" data-settings=\"{&quot;jet_parallax_layout_list&quot;:[]}\">\n\t\t\t\t\t\t<div class=\"elementor-container elementor-column-gap-default\">\n\t\t\t\t\t<div class=\"elementor-column elementor-col-100 elementor-top-column elementor-element elementor-element-54b369f\" data-id=\"54b369f\" data-element_type=\"column\" data-e-type=\"column\">\n\t\t\t<div class=\"elementor-widget-wrap\">\n\t\t\t\t\t\t\t<\/div>\n\t\t<\/div>\n\t\t\t\t\t<\/div>\n\t\t<\/section>\n\t\t\t\t<\/div>\n\t\t","protected":false},"excerpt":{"rendered":"<p>Ce mois-ci, nous avons officiellement lanc\u00e9 notre campagne et nous pr\u00e9voyons de pr\u00e9senter l&rsquo;impact de notre travail dans les mois \u00e0 venir dans les quatre \u00e9tapes du spectre du logement, de pr\u00e9venir \u00e0 survivre \u00e0 l&rsquo;itin\u00e9rance, les logements et refuges temporaires et les logements subventionn\u00e9s. Vous trouverez ci-dessous le message que nous avons utilis\u00e9 dans [&hellip;]<\/p>\n","protected":false},"author":5,"featured_media":31615,"comment_status":"closed","ping_status":"closed","sticky":false,"template":"","format":"standard","meta":{"_acf_changed":false,"_seopress_robots_primary_cat":"none","_seopress_titles_title":"","_seopress_titles_desc":"","_seopress_robots_index":"","om_disable_all_campaigns":false,"_monsterinsights_skip_tracking":false,"_monsterinsights_sitenote_active":false,"_monsterinsights_sitenote_note":"","_monsterinsights_sitenote_category":0,"_uf_show_specific_survey":0,"_uf_disable_surveys":false,"footnotes":""},"categories":[240],"tags":[],"regions":[199,200,201,202,203,215],"class_list":["post-31632","post","type-post","status-publish","format-standard","has-post-thumbnail","hentry","category-national-news-fr","regions-atlantique","regions-colombie-britannique-et-yukon","regions-ontario-fr","regions-quebec-fr","regions-ouest","regions-national-fr"],"acf":[],"_links":{"self":[{"href":"https:\/\/ssvp.ca\/fr\/wp-json\/wp\/v2\/posts\/31632","targetHints":{"allow":["GET"]}}],"collection":[{"href":"https:\/\/ssvp.ca\/fr\/wp-json\/wp\/v2\/posts"}],"about":[{"href":"https:\/\/ssvp.ca\/fr\/wp-json\/wp\/v2\/types\/post"}],"author":[{"embeddable":true,"href":"https:\/\/ssvp.ca\/fr\/wp-json\/wp\/v2\/users\/5"}],"replies":[{"embeddable":true,"href":"https:\/\/ssvp.ca\/fr\/wp-json\/wp\/v2\/comments?post=31632"}],"version-history":[{"count":0,"href":"https:\/\/ssvp.ca\/fr\/wp-json\/wp\/v2\/posts\/31632\/revisions"}],"wp:featuredmedia":[{"embeddable":true,"href":"https:\/\/ssvp.ca\/fr\/wp-json\/wp\/v2\/media\/31615"}],"wp:attachment":[{"href":"https:\/\/ssvp.ca\/fr\/wp-json\/wp\/v2\/media?parent=31632"}],"wp:term":[{"taxonomy":"category","embeddable":true,"href":"https:\/\/ssvp.ca\/fr\/wp-json\/wp\/v2\/categories?post=31632"},{"taxonomy":"post_tag","embeddable":true,"href":"https:\/\/ssvp.ca\/fr\/wp-json\/wp\/v2\/tags?post=31632"},{"taxonomy":"regions","embeddable":true,"href":"https:\/\/ssvp.ca\/fr\/wp-json\/wp\/v2\/regions?post=31632"}],"curies":[{"name":"wp","href":"https:\/\/api.w.org\/{rel}","templated":true}]}}